{"id":7884,"date":"2022-11-07T06:00:00","date_gmt":"2022-11-07T05:00:00","guid":{"rendered":"https:\/\/biron-rivet.fr\/pistedemesayeuls\/?p=7884"},"modified":"2023-05-10T07:37:15","modified_gmt":"2023-05-10T06:37:15","slug":"funeste-feu-a-arleuf-challengeaz-2022","status":"publish","type":"post","link":"https:\/\/biron-rivet.fr\/pistedemesayeuls\/?p=7884","title":{"rendered":"Funeste foule affam\u00e9e \u00e0 Arleuf #ChallengeAZ 2022"},"content":{"rendered":"\n<h1 class=\"wp-block-heading has-text-align-center\"><mark style=\"background-color:rgba(0, 0, 0, 0)\" class=\"has-inline-color has-vivid-purple-color\">F<\/mark>uneste <mark style=\"background-color:rgba(0, 0, 0, 0)\" class=\"has-inline-color has-vivid-purple-color\">f<\/mark>oule a<mark style=\"background-color:rgba(0, 0, 0, 0)\" class=\"has-inline-color has-vivid-purple-color\">ff<\/mark>am\u00e9e \u00e0 Arleu<mark style=\"background-color:rgba(0, 0, 0, 0)\" class=\"has-inline-color has-vivid-purple-color\">f<\/mark><\/h1>\n\n\n\n<div class=\"wp-block-columns is-layout-flex wp-container-core-columns-is-layout-8f761849 wp-block-columns-is-layout-flex\">\n<div class=\"wp-block-column is-vertically-aligned-center is-layout-flow wp-block-column-is-layout-flow\">\n<figure class=\"wp-block-image size-full is-style-default\"><a href=\"https:\/\/biron-rivet.fr\/pistedemesayeuls\/wp-content\/uploads\/2020\/10\/carte-Arleuf-1000px.jpg\"><img loading=\"lazy\" decoding=\"async\" width=\"1000\" height=\"949\" src=\"https:\/\/biron-rivet.fr\/pistedemesayeuls\/wp-content\/uploads\/2020\/10\/carte-Arleuf-1000px.jpg\" alt=\"\" class=\"wp-image-4785\" srcset=\"https:\/\/biron-rivet.fr\/pistedemesayeuls\/wp-content\/uploads\/2020\/10\/carte-Arleuf-1000px.jpg 1000w, https:\/\/biron-rivet.fr\/pistedemesayeuls\/wp-content\/uploads\/2020\/10\/carte-Arleuf-1000px-300x285.jpg 300w, https:\/\/biron-rivet.fr\/pistedemesayeuls\/wp-content\/uploads\/2020\/10\/carte-Arleuf-1000px-768x729.jpg 768w, https:\/\/biron-rivet.fr\/pistedemesayeuls\/wp-content\/uploads\/2020\/10\/carte-Arleuf-1000px-624x592.jpg 624w\" sizes=\"auto, (max-width: 1000px) 100vw, 1000px\" \/><\/a><\/figure>\n<\/div>\n\n\n\n<div class=\"wp-block-column is-vertically-aligned-center is-layout-flow wp-block-column-is-layout-flow\">\n<p class=\"wp-block-paragraph\"><strong>Nom de la commune<\/strong> : Arleuf<br><strong>R\u00e9gion<\/strong> : Bourgogne<br><strong>D\u00e9partement<\/strong> : Ni\u00e8vre (58)<br><strong>Population<\/strong> : 683 habitants<br><strong>Superficie<\/strong> : 59,77&nbsp;km\u00b2<br><strong>Altitude<\/strong> : 402 \u00e0 857 m\u00e8tres<\/p>\n\n\n\n<p class=\"has-text-align-center wp-block-paragraph\"><em><a href=\"http:\/\/www.tradfrance.com\/mgtfb55.htm\" target=\"_blank\" rel=\"noopener\">Bourr\u00e9e d&rsquo;Arleuf<\/a><\/em><\/p>\n\n\n\n<figure class=\"wp-block-audio aligncenter\"><audio controls src=\"http:\/\/www.tradfrance.com\/audio\/stfb55.ogg\"><\/audio><\/figure>\n<\/div>\n\n\n\n<div class=\"wp-block-column is-vertically-aligned-center is-layout-flow wp-block-column-is-layout-flow\"><div class=\"wp-block-image is-style-default\">\n<figure class=\"aligncenter size-full\"><a href=\"https:\/\/biron-rivet.fr\/pistedemesayeuls\/wp-content\/uploads\/2015\/02\/arleuf.gif\"><img loading=\"lazy\" decoding=\"async\" width=\"420\" height=\"268\" src=\"https:\/\/biron-rivet.fr\/pistedemesayeuls\/wp-content\/uploads\/2015\/02\/arleuf.gif\" alt=\"\" class=\"wp-image-3265\"\/><\/a><\/figure>\n<\/div><\/div>\n<\/div>\n\n\n\n<hr class=\"wp-block-separator has-alpha-channel-opacity is-style-wide\"\/>\n\n\n\n<p class=\"wp-block-paragraph\"><strong><mark style=\"background-color:rgba(0, 0, 0, 0)\" class=\"has-inline-color has-vivid-purple-color\">Arleuf <\/mark><\/strong>appara\u00eet dans mon arbre avec Marie-Louise Gonthier qui y est n\u00e9e en 1898 comme pr\u00e9c\u00e9demment expliqu\u00e9 \u00e0 la <a href=\"https:\/\/biron-rivet.fr\/pistedemesayeuls\/?p=4781\">lettre A du ChallengeAZ<\/a>.<\/p>\n\n\n<div class=\"wp-block-image is-style-default\">\n<figure class=\"aligncenter\"><a href=\"https:\/\/biron-rivet.fr\/pistedemesayeuls\/wp-content\/uploads\/2020\/10\/Roue-Arleuf.jpg\"><img loading=\"lazy\" decoding=\"async\" width=\"300\" height=\"288\" src=\"https:\/\/biron-rivet.fr\/pistedemesayeuls\/wp-content\/uploads\/2020\/10\/Roue-Arleuf-300x288.jpg\" alt=\"\" class=\"wp-image-4784\" srcset=\"https:\/\/biron-rivet.fr\/pistedemesayeuls\/wp-content\/uploads\/2020\/10\/Roue-Arleuf-300x288.jpg 300w, https:\/\/biron-rivet.fr\/pistedemesayeuls\/wp-content\/uploads\/2020\/10\/Roue-Arleuf-1024x982.jpg 1024w, https:\/\/biron-rivet.fr\/pistedemesayeuls\/wp-content\/uploads\/2020\/10\/Roue-Arleuf-768x737.jpg 768w, https:\/\/biron-rivet.fr\/pistedemesayeuls\/wp-content\/uploads\/2020\/10\/Roue-Arleuf-1536x1473.jpg 1536w, https:\/\/biron-rivet.fr\/pistedemesayeuls\/wp-content\/uploads\/2020\/10\/Roue-Arleuf-624x598.jpg 624w, https:\/\/biron-rivet.fr\/pistedemesayeuls\/wp-content\/uploads\/2020\/10\/Roue-Arleuf.jpg 1637w\" sizes=\"auto, (max-width: 300px) 100vw, 300px\" \/><\/a><figcaption class=\"wp-element-caption\">Roue montrant la branche d&rsquo;Arleuf (Heredis)<\/figcaption><\/figure>\n<\/div>\n\n\n<p class=\"wp-block-paragraph\">C&rsquo;est le 22 juin 1692 lors d&rsquo;une distribution de pain qu&rsquo;arriva une <strong><mark style=\"background-color:rgba(0, 0, 0, 0)\" class=\"has-inline-color has-vivid-purple-color\">funeste faiblesse de la foule<\/mark><\/strong>. Que s&rsquo;est-il pass\u00e9 ? 24 personnes sont mortes : effet de foule, chaleur, famine. Tous les ingr\u00e9dients \u00e9taient r\u00e9unis pour ce drame&#8230;<\/p>\n\n\n<div class=\"wp-block-image is-style-default\">\n<figure class=\"aligncenter size-large is-resized\"><a href=\"https:\/\/biron-rivet.fr\/pistedemesayeuls\/wp-content\/uploads\/2022\/10\/arleuf-aumone.jpg\"><img loading=\"lazy\" decoding=\"async\" src=\"https:\/\/biron-rivet.fr\/pistedemesayeuls\/wp-content\/uploads\/2022\/10\/arleuf-aumone-1024x762.jpg\" alt=\"\" class=\"wp-image-7886\" width=\"512\" height=\"381\" srcset=\"https:\/\/biron-rivet.fr\/pistedemesayeuls\/wp-content\/uploads\/2022\/10\/arleuf-aumone-1024x762.jpg 1024w, https:\/\/biron-rivet.fr\/pistedemesayeuls\/wp-content\/uploads\/2022\/10\/arleuf-aumone-300x223.jpg 300w, https:\/\/biron-rivet.fr\/pistedemesayeuls\/wp-content\/uploads\/2022\/10\/arleuf-aumone-768x572.jpg 768w, https:\/\/biron-rivet.fr\/pistedemesayeuls\/wp-content\/uploads\/2022\/10\/arleuf-aumone-465x346.jpg 465w, https:\/\/biron-rivet.fr\/pistedemesayeuls\/wp-content\/uploads\/2022\/10\/arleuf-aumone-672x500.jpg 672w, https:\/\/biron-rivet.fr\/pistedemesayeuls\/wp-content\/uploads\/2022\/10\/arleuf-aumone.jpg 1151w\" sizes=\"auto, (max-width: 512px) 100vw, 512px\" \/><\/a><\/figure>\n<\/div>\n\n\n<blockquote class=\"wp-block-quote is-layout-flow wp-block-quote-is-layout-flow\">\n<p class=\"wp-block-paragraph\">Tous les ans avait lieu dans l&rsquo;\u00e9glise, le dimanche avant la Saint-Jean d&rsquo;\u00e9t\u00e9, une distribution de pain, gr\u00e2ce aux dons en bl\u00e9 de la confr\u00e9rie du Rosaire. L&rsquo;hiver de 1692 avait \u00e9t\u00e9 si rigoureux que les r\u00e9coltes n&rsquo;avaient pas permis de tenir jusqu&rsquo;\u00e0 l&rsquo;\u00e9t\u00e9. Les affam\u00e9s afflu\u00e8rent \u00e0 Arleuf des paroisses voisines, cheminant des lieues sous un soleil de plomb pour avoir leur part de ce don si attendu et s&rsquo;entass\u00e8rent dans l&rsquo;\u00e9glise. La presse \u00e9tait telle que vingt-trois personnes, dont dix-sept \u00e9trang\u00e8res \u00e0 la paroisse, trouv\u00e8rent la mort dans l&rsquo;\u00e9glise, \u00e9touff\u00e9es dans la foule. Le cur\u00e9 termine ainsi la liste des morts de ce tragique dimanche : \u00ab<em>tous les susdits nomm\u00e9s ayant est\u00e9 \u00e9touff\u00e9s par la g(ran)de quantit\u00e9 de personnes <s>estant morts de faiblesse dans la douve d&rsquo;arleuf \u00e0 cause de la grande chaleur de ce jour et est\u00e9 inhum\u00e9s dans le cimeti\u00e8re d&rsquo;arleuf le 22 juin 1692<\/s> qui estoient dans leglise pour recevoir lausmone qu&rsquo;on y fait le dimanche auparavant le Saint Jean, \u00e0 cause de la chaleur excessive de ce jour et de linanition o\u00f9 estoient r\u00e9duits la plus part de ces pauvres pendant une ann\u00e9e o\u00f9 il faisoit cher vivre<\/em><br><em>ont est\u00e9 inhum\u00e9s <s>dans<\/s> du <s>l&rsquo;eglize<\/s> cimetiere d&rsquo;Arleuf ensuite? du proc\u00e8s verbal les uns le 22 juin \u00e0 la sollicita(ti)on des pauvres \u00e0 cause de la corruption, les autres le 23 <s>ensuite? du proc\u00e8s verbal<\/s> en p(r\u00e9se)nce de Jac(que)s Baillau et de Pierre Truchot<\/em>\u00bb. <\/p>\n\n\n\n<p class=\"wp-block-paragraph\">Ce que le cur\u00e9 Fran\u00e7ois Martin ne mentionne pas, tant la coutume est admise, c&rsquo;est la pestilence qui devait r\u00e9gner dans l&rsquo;\u00e9glise o\u00f9 les corps ensevelis en grand nombre en cette ann\u00e9e de disette, reposaient sous une faible \u00e9paisseur de terre, les plus r\u00e9cents au dessus des anciens. Il aura fallu un \u00e9dit de Louis XV pour mettre fin \u00e0 cette pratique peu salubre d&rsquo;enterrer les morts \u00e0 l&rsquo;\u00e9glise. A Arleuf, les ann\u00e9es qui suivirent cette trag\u00e9die, on pratiqua la distribution de pain hors de l&rsquo;\u00e9glise. D\u00e9j\u00e0 en juin 1643, une fille \u00e9tait morte \u00ab<em>\u00e9touff\u00e9e en l&rsquo;eglise d&rsquo;arleuf et inhumee au porche de ceans<\/em>\u00bb, probablement dans les m\u00eames circonstances.<\/p>\n<\/blockquote>\n\n\n<div class=\"wp-block-image is-style-default\">\n<figure class=\"aligncenter size-large\"><a href=\"https:\/\/biron-rivet.fr\/pistedemesayeuls\/wp-content\/uploads\/2022\/10\/arleuf-etouffement-scaled.jpg\"><img loading=\"lazy\" decoding=\"async\" width=\"1024\" height=\"224\" src=\"https:\/\/biron-rivet.fr\/pistedemesayeuls\/wp-content\/uploads\/2022\/10\/arleuf-etouffement-1024x224.jpg\" alt=\"\" class=\"wp-image-7885\" srcset=\"https:\/\/biron-rivet.fr\/pistedemesayeuls\/wp-content\/uploads\/2022\/10\/arleuf-etouffement-1024x224.jpg 1024w, https:\/\/biron-rivet.fr\/pistedemesayeuls\/wp-content\/uploads\/2022\/10\/arleuf-etouffement-300x66.jpg 300w, https:\/\/biron-rivet.fr\/pistedemesayeuls\/wp-content\/uploads\/2022\/10\/arleuf-etouffement-768x168.jpg 768w, https:\/\/biron-rivet.fr\/pistedemesayeuls\/wp-content\/uploads\/2022\/10\/arleuf-etouffement-1536x336.jpg 1536w, https:\/\/biron-rivet.fr\/pistedemesayeuls\/wp-content\/uploads\/2022\/10\/arleuf-etouffement-2048x448.jpg 2048w, https:\/\/biron-rivet.fr\/pistedemesayeuls\/wp-content\/uploads\/2022\/10\/arleuf-etouffement-465x102.jpg 465w, https:\/\/biron-rivet.fr\/pistedemesayeuls\/wp-content\/uploads\/2022\/10\/arleuf-etouffement-695x152.jpg 695w\" sizes=\"auto, (max-width: 1024px) 100vw, 1024px\" \/><\/a><figcaption class=\"wp-element-caption\">Arleuf double du registre 1692 &#8211; <a href=\"https:\/\/archives.nievre.fr\/ark:\/60877\/87301frnghsx\/b8b42a98-b968-4512-99cb-c51f2fe49ed6\" target=\"_blank\" rel=\"noreferrer noopener\">lien<\/a><\/figcaption><\/figure>\n<\/div>","protected":false},"excerpt":{"rendered":"<p>Funeste foule affam\u00e9e \u00e0 Arleuf Nom de la commune : ArleufR\u00e9gion : BourgogneD\u00e9partement : Ni\u00e8vre (58)Population : 683 habitantsSuperficie : 59,77&nbsp;km\u00b2Altitude : 402 \u00e0 857 m\u00e8tres Bourr\u00e9e d&rsquo;Arleuf Arleuf appara\u00eet dans mon arbre avec Marie-Louise Gonthier qui y est n\u00e9e<span class=\"more-link\"><a href=\"https:\/\/biron-rivet.fr\/pistedemesayeuls\/?p=7884\">Lire la suite&#8230;<\/a><\/span><\/p>\n","protected":false},"author":3,"featured_media":7886,"comment_status":"open","ping_status":"open","sticky":false,"template":"","format":"standard","meta":{"footnotes":""},"categories":[18,96,170,88,129],"tags":[97,169],"class_list":["entry","author-pantaleonmondeguerre","post-7884","post","type-post","status-publish","format-standard","has-post-thumbnail","category-ascendance","category-challenge-az","category-challenge-az-2022","category-defis","category-quartier-pellet-langlais","tag-challengeaz","tag-challengeaz-2022"],"_links":{"self":[{"href":"https:\/\/biron-rivet.fr\/pistedemesayeuls\/index.php?rest_route=\/wp\/v2\/posts\/7884","targetHints":{"allow":["GET"]}}],"collection":[{"href":"https:\/\/biron-rivet.fr\/pistedemesayeuls\/index.php?rest_route=\/wp\/v2\/posts"}],"about":[{"href":"https:\/\/biron-rivet.fr\/pistedemesayeuls\/index.php?rest_route=\/wp\/v2\/types\/post"}],"author":[{"embeddable":true,"href":"https:\/\/biron-rivet.fr\/pistedemesayeuls\/index.php?rest_route=\/wp\/v2\/users\/3"}],"replies":[{"embeddable":true,"href":"https:\/\/biron-rivet.fr\/pistedemesayeuls\/index.php?rest_route=%2Fwp%2Fv2%2Fcomments&post=7884"}],"version-history":[{"count":6,"href":"https:\/\/biron-rivet.fr\/pistedemesayeuls\/index.php?rest_route=\/wp\/v2\/posts\/7884\/revisions"}],"predecessor-version":[{"id":8788,"href":"https:\/\/biron-rivet.fr\/pistedemesayeuls\/index.php?rest_route=\/wp\/v2\/posts\/7884\/revisions\/8788"}],"wp:featuredmedia":[{"embeddable":true,"href":"https:\/\/biron-rivet.fr\/pistedemesayeuls\/index.php?rest_route=\/wp\/v2\/media\/7886"}],"wp:attachment":[{"href":"https:\/\/biron-rivet.fr\/pistedemesayeuls\/index.php?rest_route=%2Fwp%2Fv2%2Fmedia&parent=7884"}],"wp:term":[{"taxonomy":"category","embeddable":true,"href":"https:\/\/biron-rivet.fr\/pistedemesayeuls\/index.php?rest_route=%2Fwp%2Fv2%2Fcategories&post=7884"},{"taxonomy":"post_tag","embeddable":true,"href":"https:\/\/biron-rivet.fr\/pistedemesayeuls\/index.php?rest_route=%2Fwp%2Fv2%2Ftags&post=7884"}],"curies":[{"name":"wp","href":"https:\/\/api.w.org\/{rel}","templated":true}]}}