{"id":6680,"date":"2021-12-19T07:27:00","date_gmt":"2021-12-19T06:27:00","guid":{"rendered":"https:\/\/biron-rivet.fr\/pistedemesayeuls\/?p=6680"},"modified":"2021-12-22T13:41:27","modified_gmt":"2021-12-22T12:41:27","slug":"calendrier-de-lavent-19-decembre-2021","status":"publish","type":"post","link":"https:\/\/biron-rivet.fr\/pistedemesayeuls\/?p=6680","title":{"rendered":"Calendrier de l&rsquo;Avent &#8211; 19 d\u00e9cembre 2021"},"content":{"rendered":"\n<div class=\"wp-block-image\"><figure class=\"aligncenter is-resized\"><img loading=\"lazy\" decoding=\"async\" src=\"https:\/\/biron-rivet.fr\/pistedemesayeuls\/wp-content\/uploads\/2021\/12\/calendrier-de-lavent.jpg\" alt=\"L\u2019attribut alt de cette image est vide, son nom de fichier est calendrier-de-lavent.jpg.\" width=\"278\" height=\"278\"\/><\/figure><\/div>\n\n\n\n<h2 class=\"has-text-align-center has-vivid-red-color has-text-color wp-block-heading\">Saint Anasthase<\/h2>\n\n\n\n<p class=\"wp-block-paragraph\">Saint Anasthase I<sup>er<\/sup> fut le 39<sup>e<\/sup> Pape de 399 \u00e0 401. <\/p>\n\n\n\n<blockquote class=\"wp-block-quote is-layout-flow wp-block-quote-is-layout-flow\"><p>Il fut un homme de conciliation en particulier au moment de la querelle avec Orig\u00e8ne. Il \u00e9tait tr\u00e8s attentif au retour paisible des chr\u00e9tiens qui, devant la pers\u00e9cution, avaient c\u00e9d\u00e9 par faiblesse. Nous avons de lui quelques lettres qui t\u00e9moignent de cette mis\u00e9ricorde tr\u00e8s fraternelle.<\/p><cite><a href=\"https:\/\/nominis.cef.fr\" target=\"_blank\" rel=\"noreferrer noopener\">Nominis<\/a><\/cite><\/blockquote>\n\n\n\n<div class=\"wp-block-image\"><figure class=\"aligncenter size-full\"><a href=\"https:\/\/biron-rivet.fr\/pistedemesayeuls\/wp-content\/uploads\/2021\/12\/PAPE-ANASTASE-I-399-401-PORTRAIT-GRAVURE-18-eme.jpg\"><img loading=\"lazy\" decoding=\"async\" width=\"274\" height=\"400\" src=\"https:\/\/biron-rivet.fr\/pistedemesayeuls\/wp-content\/uploads\/2021\/12\/PAPE-ANASTASE-I-399-401-PORTRAIT-GRAVURE-18-eme.jpg\" alt=\"\" class=\"wp-image-6681\" srcset=\"https:\/\/biron-rivet.fr\/pistedemesayeuls\/wp-content\/uploads\/2021\/12\/PAPE-ANASTASE-I-399-401-PORTRAIT-GRAVURE-18-eme.jpg 274w, https:\/\/biron-rivet.fr\/pistedemesayeuls\/wp-content\/uploads\/2021\/12\/PAPE-ANASTASE-I-399-401-PORTRAIT-GRAVURE-18-eme-206x300.jpg 206w\" sizes=\"auto, (max-width: 274px) 100vw, 274px\" \/><\/a><\/figure><\/div>\n\n\n\n<hr class=\"wp-block-separator is-style-wide\"\/>\n\n\n\n<p class=\"wp-block-paragraph\">Aujourd&rsquo;hui je vais pr\u00e9senter une illustre inconnue de ma g\u00e9n\u00e9alogie au pr\u00e9nom peu courant \u00e0 son \u00e9poque. Il s&rsquo;agit d&rsquo;Anasthase LEGENDRE, mon anc\u00eatre \u00e0 la 14<sup>e<\/sup> g\u00e9n\u00e9ration.<\/p>\n\n\n\n<p class=\"wp-block-paragraph\">Son d\u00e9c\u00e8s le 13 d\u00e9cembre 1653 \u00e0 Beaumont-les-Autels, est anonyme. On sait juste qu&rsquo;il s&rsquo;agit du d\u00e9c\u00e8s de l&rsquo;\u00e9pouse de Fran\u00e7ois Chevauch\u00e9e.<\/p>\n\n\n\n<div class=\"wp-block-image\"><figure class=\"aligncenter size-large is-resized\"><a href=\"https:\/\/biron-rivet.fr\/pistedemesayeuls\/wp-content\/uploads\/2021\/12\/Legendre-Anasthase-1653-scaled.jpg\"><img loading=\"lazy\" decoding=\"async\" src=\"https:\/\/biron-rivet.fr\/pistedemesayeuls\/wp-content\/uploads\/2021\/12\/Legendre-Anasthase-1653-1024x390.jpg\" alt=\"\" class=\"wp-image-6682\" width=\"607\" height=\"230\" srcset=\"https:\/\/biron-rivet.fr\/pistedemesayeuls\/wp-content\/uploads\/2021\/12\/Legendre-Anasthase-1653-1024x390.jpg 1024w, https:\/\/biron-rivet.fr\/pistedemesayeuls\/wp-content\/uploads\/2021\/12\/Legendre-Anasthase-1653-300x114.jpg 300w, https:\/\/biron-rivet.fr\/pistedemesayeuls\/wp-content\/uploads\/2021\/12\/Legendre-Anasthase-1653-1536x585.jpg 1536w, https:\/\/biron-rivet.fr\/pistedemesayeuls\/wp-content\/uploads\/2021\/12\/Legendre-Anasthase-1653-2048x780.jpg 2048w, https:\/\/biron-rivet.fr\/pistedemesayeuls\/wp-content\/uploads\/2021\/12\/Legendre-Anasthase-1653-465x177.jpg 465w, https:\/\/biron-rivet.fr\/pistedemesayeuls\/wp-content\/uploads\/2021\/12\/Legendre-Anasthase-1653-695x265.jpg 695w\" sizes=\"auto, (max-width: 607px) 100vw, 607px\" \/><\/a><figcaption>R.P.de Beaumont-les-Autels (Source : A.D. d&rsquo;Eure-et-Loir)<\/figcaption><\/figure><\/div>\n\n\n\n<p class=\"wp-block-paragraph\">Mais elle est bien cit\u00e9e Anastaize LEGENDRE lors du mariage de sa fille, mon anc\u00eatre, Anne Chevauch\u00e9e, avec Marin Fourchet le 26 juillet 1642 \u00e0 Argenvilliers (28).<\/p>\n\n\n\n<div class=\"wp-block-image\"><figure class=\"aligncenter size-large is-resized\"><a href=\"https:\/\/biron-rivet.fr\/pistedemesayeuls\/wp-content\/uploads\/2021\/12\/Fouchet-x1642-Chevauchee.jpg\"><img loading=\"lazy\" decoding=\"async\" src=\"https:\/\/biron-rivet.fr\/pistedemesayeuls\/wp-content\/uploads\/2021\/12\/Fouchet-x1642-Chevauchee-1024x664.jpg\" alt=\"\" class=\"wp-image-6683\" width=\"603\" height=\"390\" srcset=\"https:\/\/biron-rivet.fr\/pistedemesayeuls\/wp-content\/uploads\/2021\/12\/Fouchet-x1642-Chevauchee-1024x664.jpg 1024w, https:\/\/biron-rivet.fr\/pistedemesayeuls\/wp-content\/uploads\/2021\/12\/Fouchet-x1642-Chevauchee-300x195.jpg 300w, https:\/\/biron-rivet.fr\/pistedemesayeuls\/wp-content\/uploads\/2021\/12\/Fouchet-x1642-Chevauchee-768x498.jpg 768w, https:\/\/biron-rivet.fr\/pistedemesayeuls\/wp-content\/uploads\/2021\/12\/Fouchet-x1642-Chevauchee-1536x997.jpg 1536w, https:\/\/biron-rivet.fr\/pistedemesayeuls\/wp-content\/uploads\/2021\/12\/Fouchet-x1642-Chevauchee-2048x1329.jpg 2048w, https:\/\/biron-rivet.fr\/pistedemesayeuls\/wp-content\/uploads\/2021\/12\/Fouchet-x1642-Chevauchee-465x302.jpg 465w, https:\/\/biron-rivet.fr\/pistedemesayeuls\/wp-content\/uploads\/2021\/12\/Fouchet-x1642-Chevauchee-695x451.jpg 695w\" sizes=\"auto, (max-width: 603px) 100vw, 603px\" \/><\/a><figcaption> R.P. d&rsquo;Argenvilliers<\/figcaption><\/figure><\/div>\n\n\n\n<p class=\"wp-block-paragraph\">Je n&rsquo;ai pas trouv\u00e9 son mariage mais je lui connais 7 enfants dont j&rsquo;ai retrouv\u00e9 le bapt\u00eame pour 6. Je lui ai aussi trouv\u00e9 un surnom : Nataze !<\/p>\n","protected":false},"excerpt":{"rendered":"<p>Saint Anasthase Saint Anasthase Ier fut le 39e Pape de 399 \u00e0 401. Il fut un homme de conciliation en particulier au moment de la querelle avec Orig\u00e8ne. Il \u00e9tait tr\u00e8s attentif au retour paisible des chr\u00e9tiens qui, devant la<span class=\"more-link\"><a href=\"https:\/\/biron-rivet.fr\/pistedemesayeuls\/?p=6680\">Lire la suite&#8230;<\/a><\/span><\/p>\n","protected":false},"author":3,"featured_media":6681,"comment_status":"open","ping_status":"open","sticky":false,"template":"","format":"standard","meta":{"footnotes":""},"categories":[103,144,88,127],"tags":[104],"class_list":["entry","author-pantaleonmondeguerre","post-6680","post","type-post","status-publish","format-standard","has-post-thumbnail","category-calendrier-de-lavent","category-calendrier-de-lavent-2021","category-defis","category-quartier-biron","tag-calendrier-de-lavent"],"_links":{"self":[{"href":"https:\/\/biron-rivet.fr\/pistedemesayeuls\/index.php?rest_route=\/wp\/v2\/posts\/6680","targetHints":{"allow":["GET"]}}],"collection":[{"href":"https:\/\/biron-rivet.fr\/pistedemesayeuls\/index.php?rest_route=\/wp\/v2\/posts"}],"about":[{"href":"https:\/\/biron-rivet.fr\/pistedemesayeuls\/index.php?rest_route=\/wp\/v2\/types\/post"}],"author":[{"embeddable":true,"href":"https:\/\/biron-rivet.fr\/pistedemesayeuls\/index.php?rest_route=\/wp\/v2\/users\/3"}],"replies":[{"embeddable":true,"href":"https:\/\/biron-rivet.fr\/pistedemesayeuls\/index.php?rest_route=%2Fwp%2Fv2%2Fcomments&post=6680"}],"version-history":[{"count":3,"href":"https:\/\/biron-rivet.fr\/pistedemesayeuls\/index.php?rest_route=\/wp\/v2\/posts\/6680\/revisions"}],"predecessor-version":[{"id":6741,"href":"https:\/\/biron-rivet.fr\/pistedemesayeuls\/index.php?rest_route=\/wp\/v2\/posts\/6680\/revisions\/6741"}],"wp:featuredmedia":[{"embeddable":true,"href":"https:\/\/biron-rivet.fr\/pistedemesayeuls\/index.php?rest_route=\/wp\/v2\/media\/6681"}],"wp:attachment":[{"href":"https:\/\/biron-rivet.fr\/pistedemesayeuls\/index.php?rest_route=%2Fwp%2Fv2%2Fmedia&parent=6680"}],"wp:term":[{"taxonomy":"category","embeddable":true,"href":"https:\/\/biron-rivet.fr\/pistedemesayeuls\/index.php?rest_route=%2Fwp%2Fv2%2Fcategories&post=6680"},{"taxonomy":"post_tag","embeddable":true,"href":"https:\/\/biron-rivet.fr\/pistedemesayeuls\/index.php?rest_route=%2Fwp%2Fv2%2Ftags&post=6680"}],"curies":[{"name":"wp","href":"https:\/\/api.w.org\/{rel}","templated":true}]}}